{"id":4306,"date":"2023-05-22T17:17:48","date_gmt":"2023-05-22T17:17:48","guid":{"rendered":"https:\/\/grupotransatlantica.com\/?p=4306"},"modified":"2023-05-22T20:29:15","modified_gmt":"2023-05-22T20:29:15","slug":"cafe-financiero-jueves-1-de-junio-de-2023","status":"publish","type":"post","link":"https:\/\/grupotransatlantica.com\/en\/cafe-financiero-jueves-1-de-junio-de-2023\/","title":{"rendered":"Caf\u00e9 financiero &#8211; \u00bfCu\u00e1les son las perspectivas econ\u00f3micas en a\u00f1o de elecciones?"},"content":{"rendered":"<h2 class=\"wp-block-heading\">El primero de junio TSA Burs\u00e1til y Reba realizar\u00e1n una exclusiva charla dictada por el economista Luis Secco. La invitaci\u00f3n es para hablar sobre la econom\u00eda argentina en \u00e9poca electoral bajo una propuesta mixta, un evento presencial en Rosario con transmisi\u00f3n en directo a trav\u00e9s de YouTube y Linkedin.<\/h2>\n\n\n\n<hr class=\"wp-block-separator has-alpha-channel-opacity\"\/>\n\n\n\n<p><br>Ante la incertidumbre frente a las elecciones presidenciales, cada vez son m\u00e1s los interrogantes en torno a la econom\u00eda nacional. En este marco, TSA Burs\u00e1til y Reba invitan a un encuentro exclusivo, a cargo del economista Luis Secco.<\/p>\n\n\n\n<p>La charla se realizar\u00e1 el jueves 1 de junio a las 17:30 hs. y se transmitir\u00e1 en vivo a trav\u00e9s del canal de TSA Burs\u00e1til en YouTube (<a href=\"https:\/\/www.youtube.com\/tsabursatilok\" target=\"_blank\" rel=\"noreferrer noopener\">\/tsabursatilok<\/a>) y desde el perfil de Reba en Linkedin (<a href=\"https:\/\/www.linkedin.com\/company\/reba_arg\/\" target=\"_blank\" rel=\"noreferrer noopener\">\/reba_arg<\/a>). Los interesados en participar de manera presencial, deben <a href=\"https:\/\/forms.gle\/mRrmpQPgiC1GYps38\" target=\"_blank\" rel=\"noreferrer noopener\">inscribirse previamente<\/a> porque los cupos son limitados y la acreditaci\u00f3n es a las 17:00 hs. en Puerto Norte Design Hotel ubicado en Av. Carballo 148 (Rosario, Santa Fe).<\/p>\n\n\n\n<p>Entre los temas que se abordar\u00e1n en el caf\u00e9 financiero, se har\u00e1 foco sobre si ya inici\u00f3 o es evitable la fase final de la aceleraci\u00f3n de la crisis. Tambi\u00e9n, cu\u00e1les son los desaf\u00edos que deber\u00e1 enfrentar el pr\u00f3ximo gobierno y las perspectivas econ\u00f3micas tras los comicios.<\/p>\n\n\n\n<p>El disertante <a href=\"https:\/\/www.linkedin.com\/in\/luis-secco-985a1a30\/\" target=\"_blank\" rel=\"noreferrer noopener\">Luis Secco<\/a> es Licenciado en Econom\u00eda y Mag\u00edster en Disciplinas Bancarias de la Universidad Nacional de La Plata. Dentro de su vasta trayectoria profesional, se destaca su recorrido como asesor de la Presidencia de la Naci\u00f3n y Director General de An\u00e1lisis Estrat\u00e9gico de la Secretar\u00eda de Inteligencia de Estado. Tambi\u00e9n, se desempe\u00f1\u00f3 como Economista Jefe y Jefe de Gabinete de Asesores de la Presidencia del Banco de la Naci\u00f3n Argentina.<\/p>\n\n\n\n<p>La participaci\u00f3n especial de Secco ser\u00e1 acompa\u00f1ada por Hern\u00e1n Barrea (Director Comercial de Grupo Transatl\u00e1ntica), Bruno Antonello (Gerente General Comercial y Sucursales de Reba) y Julio Calcagnino (Research Team Leader de TSA Burs\u00e1til).&nbsp;<\/p>\n\n\n\n<p><a href=\"https:\/\/tsabursatil.com\/\" target=\"_blank\" rel=\"noreferrer noopener\"><strong>TSA Burs\u00e1til<\/strong><\/a><strong> <\/strong>cuenta con m\u00e1s de 35 a\u00f1os de trayectoria en el Mercado de Capitales. Se dedica a desarrollar soluciones de inversi\u00f3n, financiamiento y cobertura. Realiza atenci\u00f3n personalizada para traders, individuos, empresas e instituciones.<\/p>\n\n\n\n<p><a href=\"https:\/\/www.reba.com.ar\/\" target=\"_blank\" rel=\"noreferrer noopener\"><strong>Reba<\/strong><\/a>, por su parte, es una entidad financiera regulada por el BCRA que conecta a las empresas y personas con sus finanzas. Dentro de sus verticales de negocios, se destaca por personalizar los productos y servicios financieros para que se adapten a los modelos de negocios y necesidades de las PyMES argentinas.<\/p>","protected":false},"excerpt":{"rendered":"<p>El primero de junio TSA Burs\u00e1til y Reba realizar\u00e1n una exclusiva charla dictada por el economista Luis Secco. La invitaci\u00f3n es para hablar sobre la econom\u00eda argentina en \u00e9poca electoral bajo una propuesta mixta, un evento presencial en Rosario con transmisi\u00f3n en directo a trav\u00e9s de YouTube y Linkedin. Ante la incertidumbre frente a las [&hellip;]<\/p>\n","protected":false},"author":2,"featured_media":4307,"comment_status":"closed","ping_status":"closed","sticky":false,"template":"","format":"standard","meta":{"footnotes":"","_links_to":"","_links_to_target":""},"categories":[13,7,14],"tags":[],"class_list":["post-4306","post","type-post","status-publish","format-standard","has-post-thumbnail","hentry","category-reba","category-servicios-financieros","category-tsa-bursatil"],"_links":{"self":[{"href":"https:\/\/grupotransatlantica.com\/en\/wp-json\/wp\/v2\/posts\/4306","targetHints":{"allow":["GET"]}}],"collection":[{"href":"https:\/\/grupotransatlantica.com\/en\/wp-json\/wp\/v2\/posts"}],"about":[{"href":"https:\/\/grupotransatlantica.com\/en\/wp-json\/wp\/v2\/types\/post"}],"author":[{"embeddable":true,"href":"https:\/\/grupotransatlantica.com\/en\/wp-json\/wp\/v2\/users\/2"}],"replies":[{"embeddable":true,"href":"https:\/\/grupotransatlantica.com\/en\/wp-json\/wp\/v2\/comments?post=4306"}],"version-history":[{"count":3,"href":"https:\/\/grupotransatlantica.com\/en\/wp-json\/wp\/v2\/posts\/4306\/revisions"}],"predecessor-version":[{"id":4314,"href":"https:\/\/grupotransatlantica.com\/en\/wp-json\/wp\/v2\/posts\/4306\/revisions\/4314"}],"wp:featuredmedia":[{"embeddable":true,"href":"https:\/\/grupotransatlantica.com\/en\/wp-json\/wp\/v2\/media\/4307"}],"wp:attachment":[{"href":"https:\/\/grupotransatlantica.com\/en\/wp-json\/wp\/v2\/media?parent=4306"}],"wp:term":[{"taxonomy":"category","embeddable":true,"href":"https:\/\/grupotransatlantica.com\/en\/wp-json\/wp\/v2\/categories?post=4306"},{"taxonomy":"post_tag","embeddable":true,"href":"https:\/\/grupotransatlantica.com\/en\/wp-json\/wp\/v2\/tags?post=4306"}],"curies":[{"name":"wp","href":"https:\/\/api.w.org\/{rel}","templated":true}]}}